{"id":4797,"date":"2025-08-10T10:08:35","date_gmt":"2025-08-10T10:08:35","guid":{"rendered":"https:\/\/studioartspot.com\/dev\/slavic\/?p=4797"},"modified":"2025-09-05T07:25:29","modified_gmt":"2025-09-05T07:25:29","slug":"4th-edition-of-the-reacting-as-a-star-networking-event","status":"publish","type":"post","link":"https:\/\/studioartspot.com\/dev\/slavic\/4th-edition-of-the-reacting-as-a-star-networking-event\/","title":{"rendered":"4th Edition of the ReActing as a Star Networking Event"},"content":{"rendered":"<div class=\"fusion-fullwidth fullwidth-box fusion-builder-row-1 fusion-flex-container has-pattern-background has-mask-background nonhundred-percent-fullwidth non-hundred-percent-height-scrolling\" style=\"--awb-border-radius-top-left:0px;--awb-border-radius-top-right:0px;--awb-border-radius-bottom-right:0px;--awb-border-radius-bottom-left:0px;--awb-flex-wrap:wrap;\" ><div class=\"fusion-builder-row fusion-row fusion-flex-align-items-flex-start fusion-flex-content-wrap\" style=\"max-width:1560px;margin-left: calc(-4% \/ 2 );margin-right: calc(-4% \/ 2 );\"><div class=\"fusion-layout-column fusion_builder_column fusion-builder-column-0 fusion_builder_column_1_1 1_1 fusion-flex-column\" style=\"--awb-bg-size:cover;--awb-width-large:100%;--awb-margin-top-large:0px;--awb-spacing-right-large:1.92%;--awb-margin-bottom-large:20px;--awb-spacing-left-large:1.92%;--awb-width-medium:100%;--awb-order-medium:0;--awb-spacing-right-medium:1.92%;--awb-spacing-left-medium:1.92%;--awb-width-small:100%;--awb-order-small:0;--awb-spacing-right-small:1.92%;--awb-spacing-left-small:1.92%;\"><div class=\"fusion-column-wrapper fusion-column-has-shadow fusion-flex-justify-content-flex-start fusion-content-layout-column\"><div class=\"fusion-text fusion-text-1\"><p>We had a pleasure to take part in the fourth edition of the international networking event ReActing as a Star held this year in Kranj, Slovenia.<\/p>\n<p>Our Slavic Artists selected clients for this event were <strong>Milica Janevski, Marina Red\u017eepovi\u0107, Jurij Dreven\u0161ek and Lidija Kordi\u0107<\/strong>, as well as our <strong>agent Anastasija Ne\u0161kovi\u0107<\/strong> and <strong>Marketing and PR Manager Jelena Bili\u0107<\/strong>.<\/p>\n<p>A big thank you to the organizers for welcoming us year after year and for providing a platform to build strong connections and showcase our talent to the international market.<\/p>\n<\/div><\/div><\/div><\/div><\/div>\n","protected":false},"excerpt":{"rendered":"","protected":false},"author":1,"featured_media":4798,"comment_status":"closed","ping_status":"open","sticky":false,"template":"","format":"standard","meta":{"_acf_changed":false,"footnotes":""},"categories":[266],"tags":[241,242,239,240,238,218],"class_list":["post-4797","post","type-post","status-publish","format-standard","has-post-thumbnail","hentry","category-news","tag-anastasija-neskovic","tag-jelena-bilic","tag-jurij-drevensek","tag-lidija-kordic","tag-marina-redzepovic","tag-milica-janevski"],"acf":[],"_links":{"self":[{"href":"https:\/\/studioartspot.com\/dev\/slavic\/wp-json\/wp\/v2\/posts\/4797","targetHints":{"allow":["GET"]}}],"collection":[{"href":"https:\/\/studioartspot.com\/dev\/slavic\/wp-json\/wp\/v2\/posts"}],"about":[{"href":"https:\/\/studioartspot.com\/dev\/slavic\/wp-json\/wp\/v2\/types\/post"}],"author":[{"embeddable":true,"href":"https:\/\/studioartspot.com\/dev\/slavic\/wp-json\/wp\/v2\/users\/1"}],"replies":[{"embeddable":true,"href":"https:\/\/studioartspot.com\/dev\/slavic\/wp-json\/wp\/v2\/comments?post=4797"}],"version-history":[{"count":1,"href":"https:\/\/studioartspot.com\/dev\/slavic\/wp-json\/wp\/v2\/posts\/4797\/revisions"}],"predecessor-version":[{"id":4799,"href":"https:\/\/studioartspot.com\/dev\/slavic\/wp-json\/wp\/v2\/posts\/4797\/revisions\/4799"}],"wp:featuredmedia":[{"embeddable":true,"href":"https:\/\/studioartspot.com\/dev\/slavic\/wp-json\/wp\/v2\/media\/4798"}],"wp:attachment":[{"href":"https:\/\/studioartspot.com\/dev\/slavic\/wp-json\/wp\/v2\/media?parent=4797"}],"wp:term":[{"taxonomy":"category","embeddable":true,"href":"https:\/\/studioartspot.com\/dev\/slavic\/wp-json\/wp\/v2\/categories?post=4797"},{"taxonomy":"post_tag","embeddable":true,"href":"https:\/\/studioartspot.com\/dev\/slavic\/wp-json\/wp\/v2\/tags?post=4797"}],"curies":[{"name":"wp","href":"https:\/\/api.w.org\/{rel}","templated":true}]}}