{"id":4756,"date":"2025-09-03T13:02:02","date_gmt":"2025-09-03T13:02:02","guid":{"rendered":"https:\/\/studioartspot.com\/dev\/slavic\/?p=4756"},"modified":"2025-09-05T07:23:05","modified_gmt":"2025-09-05T07:23:05","slug":"a-lifes-worth-at-the-sarajevo-film-festival","status":"publish","type":"post","link":"https:\/\/studioartspot.com\/dev\/slavic\/a-lifes-worth-at-the-sarajevo-film-festival\/","title":{"rendered":"Avant Premiere Series &#8211; A LIFE&#8217;S WORTH at the Sarajevo Film Festival"},"content":{"rendered":"<div class=\"fusion-fullwidth fullwidth-box fusion-builder-row-1 fusion-flex-container has-pattern-background has-mask-background nonhundred-percent-fullwidth non-hundred-percent-height-scrolling\" style=\"--awb-border-radius-top-left:0px;--awb-border-radius-top-right:0px;--awb-border-radius-bottom-right:0px;--awb-border-radius-bottom-left:0px;--awb-flex-wrap:wrap;\" ><div class=\"fusion-builder-row fusion-row fusion-flex-align-items-flex-start fusion-flex-content-wrap\" style=\"max-width:1560px;margin-left: calc(-4% \/ 2 );margin-right: calc(-4% \/ 2 );\"><div class=\"fusion-layout-column fusion_builder_column fusion-builder-column-0 fusion_builder_column_1_1 1_1 fusion-flex-column\" style=\"--awb-bg-size:cover;--awb-width-large:100%;--awb-margin-top-large:0px;--awb-spacing-right-large:1.92%;--awb-margin-bottom-large:20px;--awb-spacing-left-large:1.92%;--awb-width-medium:100%;--awb-order-medium:0;--awb-spacing-right-medium:1.92%;--awb-spacing-left-medium:1.92%;--awb-width-small:100%;--awb-order-small:0;--awb-spacing-right-small:1.92%;--awb-spacing-left-small:1.92%;\"><div class=\"fusion-column-wrapper fusion-column-has-shadow fusion-flex-justify-content-flex-start fusion-content-layout-column\"><div class=\"fusion-text fusion-text-1\"><p>The six-part drama series <strong>A LIFE&#8217;S WORTH directed by Ahmed Abdullahi<\/strong> will be presented today at the <strong>31st Sarajevo Film Festival<\/strong> as part of the Avant Premiere Series Programme, with the first two episodes screened for festival audiences.<\/p>\n<p>This powerful political-historical drama, a co-production between France and Sweden, had its world premiere at Series Mania 2025 in Lille, France, where it attracted international attention. We are proud to share that four of our Slavic Artists clients &#8211; <strong>Amar Bukvi\u0107, Milan Kova\u010devi\u0107, Alena D\u017eebo and Kerim \u010cutuna<\/strong>, star in this highly anticipated TV series.<\/p>\n<p><strong>Synopsis<\/strong>: Inspired by real events within the Bosnian conflict of the 1990s, A LIFE\u2019S WORTH tells a story of human brutality and difficult moral decisions, but also of strong friendship, love and trust.<\/p>\n<p><strong>Languages<\/strong>: Swedish, English, Bosnian, Croatian, Serbian<\/p>\n<p><strong>Written by<\/strong>: Mona Masri, Oliver Dixon<\/p>\n<p><strong>Produced by<\/strong>: Yellowbird in co-production with ARTE France<\/p>\n<p><strong>Broadcaster<\/strong>: Viaplay<\/p>\n<p>The series has already secured significant distribution across Europe. In addition to Viaplay, it has been acquired by ARTE, EITB (Spain), and Vodafone (Greece), ensuring wide visibility and impact beyond its regional premiere.<\/p>\n<\/div><\/div><\/div><\/div><\/div>\n","protected":false},"excerpt":{"rendered":"","protected":false},"author":1,"featured_media":4758,"comment_status":"closed","ping_status":"open","sticky":false,"template":"","format":"standard","meta":{"_acf_changed":false,"footnotes":""},"categories":[266],"tags":[216,214,217,215],"class_list":["post-4756","post","type-post","status-publish","format-standard","has-post-thumbnail","hentry","category-news","tag-alena-dzebo","tag-amar-bukvic","tag-kerim-cutuna","tag-milan-kovacevic"],"acf":[],"_links":{"self":[{"href":"https:\/\/studioartspot.com\/dev\/slavic\/wp-json\/wp\/v2\/posts\/4756","targetHints":{"allow":["GET"]}}],"collection":[{"href":"https:\/\/studioartspot.com\/dev\/slavic\/wp-json\/wp\/v2\/posts"}],"about":[{"href":"https:\/\/studioartspot.com\/dev\/slavic\/wp-json\/wp\/v2\/types\/post"}],"author":[{"embeddable":true,"href":"https:\/\/studioartspot.com\/dev\/slavic\/wp-json\/wp\/v2\/users\/1"}],"replies":[{"embeddable":true,"href":"https:\/\/studioartspot.com\/dev\/slavic\/wp-json\/wp\/v2\/comments?post=4756"}],"version-history":[{"count":3,"href":"https:\/\/studioartspot.com\/dev\/slavic\/wp-json\/wp\/v2\/posts\/4756\/revisions"}],"predecessor-version":[{"id":4772,"href":"https:\/\/studioartspot.com\/dev\/slavic\/wp-json\/wp\/v2\/posts\/4756\/revisions\/4772"}],"wp:featuredmedia":[{"embeddable":true,"href":"https:\/\/studioartspot.com\/dev\/slavic\/wp-json\/wp\/v2\/media\/4758"}],"wp:attachment":[{"href":"https:\/\/studioartspot.com\/dev\/slavic\/wp-json\/wp\/v2\/media?parent=4756"}],"wp:term":[{"taxonomy":"category","embeddable":true,"href":"https:\/\/studioartspot.com\/dev\/slavic\/wp-json\/wp\/v2\/categories?post=4756"},{"taxonomy":"post_tag","embeddable":true,"href":"https:\/\/studioartspot.com\/dev\/slavic\/wp-json\/wp\/v2\/tags?post=4756"}],"curies":[{"name":"wp","href":"https:\/\/api.w.org\/{rel}","templated":true}]}}